{"id":3483,"date":"2023-12-07T09:33:12","date_gmt":"2023-12-07T09:33:12","guid":{"rendered":"https:\/\/www.audaxrenovables.es\/?p=3483"},"modified":"2023-12-07T15:20:43","modified_gmt":"2023-12-07T15:20:43","slug":"audax-cierra-financiacion","status":"publish","type":"post","link":"https:\/\/www.audaxrenovables.es\/es\/audax-cierra-financiacion\/","title":{"rendered":"Audax Renovables cierra, a trav\u00e9s del BEI, la financiaci\u00f3n para la construcci\u00f3n de 141MWp fotovoltaicos en Espa\u00f1a"},"content":{"rendered":"\t\t<div data-elementor-type=\"wp-post\" data-elementor-id=\"3483\" class=\"elementor elementor-3483\">\n\t\t\t\t<div class=\"elementor-element elementor-element-abdd8a8 e-flex e-con-boxed e-con e-parent\" data-id=\"abdd8a8\" data-element_type=\"container\" data-settings=\"{&quot;content_width&quot;:&quot;boxed&quot;}\" data-core-v316-plus=\"true\">\n\t\t\t\t\t<div class=\"e-con-inner\">\n\t\t\t\t<div class=\"elementor-element elementor-element-c2eed98 elementor-widget elementor-widget-text-editor\" data-id=\"c2eed98\" data-element_type=\"widget\" data-widget_type=\"text-editor.default\">\n\t\t\t\t<div class=\"elementor-widget-container\">\n\t\t\t<style>\/*! elementor - v3.19.0 - 07-02-2024 *\/\n.elementor-widget-text-editor.elementor-drop-cap-view-stacked .elementor-drop-cap{background-color:#69727d;color:#fff}.elementor-widget-text-editor.elementor-drop-cap-view-framed .elementor-drop-cap{color:#69727d;border:3px solid;background-color:transparent}.elementor-widget-text-editor:not(.elementor-drop-cap-view-default) .elementor-drop-cap{margin-top:8px}.elementor-widget-text-editor:not(.elementor-drop-cap-view-default) .elementor-drop-cap-letter{width:1em;height:1em}.elementor-widget-text-editor .elementor-drop-cap{float:left;text-align:center;line-height:1;font-size:50px}.elementor-widget-text-editor .elementor-drop-cap-letter{display:inline-block}<\/style>\t\t\t\t<p><!-- wp:heading {\"textAlign\":\"center\",\"level\":1,\"fontSize\":\"x-large\"} --><\/p>\n<h1 class=\"wp-block-heading has-text-align-center has-x-large-font-size\">Audax Renovables cierra, a trav\u00e9s del BEI, la financiaci\u00f3n para la construcci\u00f3n de 141MWp fotovoltaicos en Espa\u00f1a<\/h1>\n<p><!-- \/wp:heading --><\/p>\n<p><!-- wp:quote --><\/p>\n<blockquote class=\"wp-block-quote\">\n<p><!-- wp:paragraph --><\/p>\n<h3><strong><span style=\"color: #ff9900;\">\u25aa Con esta operaci\u00f3n, Audax afianza su apuesta por las energ\u00edas renovables a trav\u00e9s de su integraci\u00f3n vertical, desde la generaci\u00f3n hasta la comercializaci\u00f3n <\/span><\/strong><\/h3>\n<h3>\u00a0<\/h3>\n<h3><strong><span style=\"color: #ff9900;\">\u25aa La operaci\u00f3n, liderada por el Banco Europeo de Inversiones (BEI), permitir\u00e1 al Grupo avanzar en la construcci\u00f3n de instalaciones fotovoltaicas en Espa\u00f1a por 141MWp con una financiaci\u00f3n de 66 millones de euros.<\/span><\/strong><\/h3>\n<p>\u00a0<\/p>\n<p><!-- \/wp:paragraph --><\/p>\n<p><!-- wp:paragraph --><\/p>\n<p><!-- \/wp:paragraph --><\/p>\n<\/blockquote>\n<p><!-- \/wp:quote --><\/p>\n<p><!-- wp:image {\"id\":3355,\"sizeSlug\":\"full\",\"linkDestination\":\"none\"} --><\/p>\n<figure class=\"wp-block-image size-full\"><\/figure>\n<figure class=\"wp-block-image size-full\"><img fetchpriority=\"high\" decoding=\"async\" class=\"wp-image-3488 size-full aligncenter\" src=\"https:\/\/www.audaxrenovables.es\/wp-content\/uploads\/2023\/12\/PlantillaNoticias_.jpg\" alt=\"\" width=\"713\" height=\"403\" srcset=\"https:\/\/www.audaxrenovables.es\/wp-content\/uploads\/2023\/12\/PlantillaNoticias_.jpg 713w, https:\/\/www.audaxrenovables.es\/wp-content\/uploads\/2023\/12\/PlantillaNoticias_-300x170.jpg 300w, https:\/\/www.audaxrenovables.es\/wp-content\/uploads\/2023\/12\/PlantillaNoticias_-18x10.jpg 18w\" sizes=\"(max-width: 713px) 100vw, 713px\" \/><strong style=\"color: var( --e-global-color-text ); text-align: var(--text-align); font-family: 'Open Sans';\"><br \/><\/strong><\/figure>\n<figure class=\"wp-block-image size-full\"><strong style=\"color: var( --e-global-color-text ); text-align: var(--text-align); font-family: 'Open Sans';\">\u00a0<\/strong><\/figure>\n<p><strong>7 DE DICIEMBRE DE 2023.<\/strong>\u2013 Audax Renovables (ADX.MC), grupo energ\u00e9tico espa\u00f1ol integrado verticalmente con generaci\u00f3n 100% renovable y suministro de electricidad y gas a clientes de 7 pa\u00edses europeos, y que cuenta con presencial internacional en 9 pa\u00edses, ha logrado cerrar una financiaci\u00f3n institucional para la construcci\u00f3n de un porfolio de 12 proyectos de energ\u00eda fotovoltaica en Espa\u00f1a. Dicha financiaci\u00f3n, que asciende a 66 millones de euros y que ha sido liderada por el Banco Europeo de Inversiones (BEI), impulsar\u00e1 la puesta en marcha de un porfolio solar con una potencia total de 141MWp.<\/p>\n<p>A trav\u00e9s de esta operaci\u00f3n, el Grupo consigue afianzar su estrategia de integraci\u00f3n vertical, fortaleciendo su presencia en el \u00e1rea de generaci\u00f3n de energ\u00eda renovable, donde mantiene un pipeline de activos distribuidos entre Espa\u00f1a, Portugal, Italia, Francia, Polonia y Panam\u00e1 que supera los 1.000MW. Los proyectos objeto de esta operaci\u00f3n, se encuentran en operaci\u00f3n, en construcci\u00f3n y en fase de Ready to Build (RtB). Una vez todo este porfolio entre en operaci\u00f3n, Audax contar\u00e1 con m\u00e1s de 380 MW en operaci\u00f3n confirmando as\u00ed su fuerte apuesta por las energ\u00edas renovables, sostenibilidad y, en definitiva, la transici\u00f3n energ\u00e9tica.<\/p>\n<p>En el contexto actual del mercado de deuda, la operaci\u00f3n es muy positiva, pues el Grupo se asegura financiaci\u00f3n para el desarrollo de activos de generaci\u00f3n de energ\u00eda solar y poder as\u00ed seguir apostando por la integraci\u00f3n vertical. Gracias a dicha estrategia, el Grupo seguir\u00e1 incrementando los recursos destinados a reducir el apalancamiento corporativo, en l\u00ednea con su estrategia de mejora sostenible de la posici\u00f3n financiera esperada para los pr\u00f3ximos ejercicios.<\/p>\n<p>La compa\u00f1\u00eda cerr\u00f3 a principios de 2023 un acuerdo estrat\u00e9gico con la compa\u00f1\u00eda brit\u00e1nica Shell para el suministro de electricidad y gas en Espa\u00f1a, lo que ha generado un impacto muy positivo en la generaci\u00f3n de caja y en el beneficio operativo del Grupo. Durante el ejercicio 2023, la compa\u00f1\u00eda ha utilizado el exceso de caja generada para reducir significativamente su deuda.<\/p>\n<p>En un a\u00f1o en el que durante los primeros nueve meses del ejercicio el Grupo ha reportado un beneficio bruto de explotaci\u00f3n (EBITDA) de 77,3 millones de euros, la presente operaci\u00f3n reforzar\u00e1 el crecimiento org\u00e1nico esperado para los pr\u00f3ximos a\u00f1os, en los que el Grupo espera poder mantener el EBITDA anual alrededor de los 100 millones de euros de manera estabilizada.<\/p>\n<p>En la operaci\u00f3n de referencia, Alantra ha actuado como asesor financiero y coordinador de la operaci\u00f3n, mientras que Garrigues y Clifford Chance han ejercicio como asesores legales de la compa\u00f1\u00eda y el prestamista, respectivamente.<\/p>\n<p>\u00a0<\/p>\n<p>Para m\u00e1s informaci\u00f3n:<\/p>\n<p>Roman - Gin\u00e9s Ca\u00f1abate<br \/>g.canabate@romanrm.com | (+34) 649 214 470<\/p>\n<p>Patricia Gonz\u00e1lez - p.gonzalez@romanrm.com | (+34) 915 915 500<\/p>\n<p>Sobre Audax Renovables<\/p>\n<p>Fundado en el a\u00f1o 2000, Audax Renovables es un grupo energ\u00e9tico espa\u00f1ol integrado verticalmente que genera energ\u00eda de origen 100% renovable y suministra electricidad y gas, con presencia en 9 pa\u00edses.<\/p>\n<p>Actualmente, cuenta con una cartera de proyectos e\u00f3licos y fotovoltaicos en operaci\u00f3n, en construcci\u00f3n y en distintas fases de desarrollo en Espa\u00f1a, Portugal, Italia, Francia, Polonia y Panam\u00e1, que alcanza los 1,4 GW. En su actividad de comercializaci\u00f3n, el grupo presidido por Jos\u00e9 El\u00edas Navarro provee electricidad y gas a m\u00e1s de 373 mil clientes en Espa\u00f1a, Portugal, Italia, Alemania, Polonia, Holanda y Hungr\u00eda, y lidera el segmento PYME en Espa\u00f1a como comercializadora independiente. Audax empez\u00f3 a cotizar en el mercado secundario espa\u00f1ol en 2003, y en 2007 dio el salto al mercado continuo. Actualmente, forma parte de los \u00edndices IBEX Small Cap\u00ae y MSCI World Small Cap. Su capitalizaci\u00f3n burs\u00e1til supera los 500 millones de euros, y cuenta con un equipo de aproximadamente 800 profesionales.<\/p>\n<p><!-- \/wp:paragraph --><\/p>\t\t\t\t\t\t<\/div>\n\t\t\t\t<\/div>\n\t\t\t\t\t<\/div>\n\t\t\t\t<\/div>\n\t\t<div class=\"elementor-element elementor-element-b77786b e-flex e-con-boxed e-con e-parent\" data-id=\"b77786b\" data-element_type=\"container\" data-settings=\"{&quot;content_width&quot;:&quot;boxed&quot;}\" data-core-v316-plus=\"true\">\n\t\t\t\t\t<div class=\"e-con-inner\">\n\t\t\t\t<div class=\"elementor-element elementor-element-925f61f elementor-widget elementor-widget-image\" data-id=\"925f61f\" data-element_type=\"widget\" data-widget_type=\"image.default\">\n\t\t\t\t<div class=\"elementor-widget-container\">\n\t\t\t<style>\/*! elementor - v3.19.0 - 07-02-2024 *\/\n.elementor-widget-image{text-align:center}.elementor-widget-image a{display:inline-block}.elementor-widget-image a img[src$=\".svg\"]{width:48px}.elementor-widget-image img{vertical-align:middle;display:inline-block}<\/style>\t\t\t\t\t\t\t\t\t\t<img decoding=\"async\" width=\"1024\" height=\"209\" src=\"https:\/\/www.audaxrenovables.es\/wp-content\/uploads\/2023\/11\/Para-un-presente-con-futuro-AUDAX-1024x209.jpg\" class=\"attachment-large size-large wp-image-3448\" alt=\"\" srcset=\"https:\/\/www.audaxrenovables.es\/wp-content\/uploads\/2023\/11\/Para-un-presente-con-futuro-AUDAX-1024x209.jpg 1024w, https:\/\/www.audaxrenovables.es\/wp-content\/uploads\/2023\/11\/Para-un-presente-con-futuro-AUDAX-300x61.jpg 300w, https:\/\/www.audaxrenovables.es\/wp-content\/uploads\/2023\/11\/Para-un-presente-con-futuro-AUDAX-768x157.jpg 768w, https:\/\/www.audaxrenovables.es\/wp-content\/uploads\/2023\/11\/Para-un-presente-con-futuro-AUDAX-1536x314.jpg 1536w, https:\/\/www.audaxrenovables.es\/wp-content\/uploads\/2023\/11\/Para-un-presente-con-futuro-AUDAX-18x4.jpg 18w, https:\/\/www.audaxrenovables.es\/wp-content\/uploads\/2023\/11\/Para-un-presente-con-futuro-AUDAX.jpg 2048w\" sizes=\"(max-width: 1024px) 100vw, 1024px\" \/>\t\t\t\t\t\t\t\t\t\t\t\t\t<\/div>\n\t\t\t\t<\/div>\n\t\t\t\t\t<\/div>\n\t\t\t\t<\/div>\n\t\t\t\t<\/div>\n\t\t","protected":false},"excerpt":{"rendered":"<p>Audax Renovables cierra, a trav\u00e9s del BEI, la financiaci\u00f3n para la construcci\u00f3n de 141MWp fotovoltaicos en Espa\u00f1a \u25aa Con esta operaci\u00f3n, Audax afianza su apuesta por las energ\u00edas renovables a trav\u00e9s de su integraci\u00f3n vertical, desde la generaci\u00f3n hasta la comercializaci\u00f3n \u00a0 \u25aa La operaci\u00f3n, liderada por el Banco Europeo de Inversiones (BEI), permitir\u00e1 al [&hellip;]<\/p>\n","protected":false},"author":1,"featured_media":3488,"comment_status":"closed","ping_status":"open","sticky":false,"template":"","format":"standard","meta":{"content-type":"","footnotes":""},"categories":[1],"tags":[16,13,15,14],"class_list":["post-3483","post","type-post","status-publish","format-standard","has-post-thumbnail","hentry","category-sin-categoria","tag-audax","tag-eolico","tag-resultados","tag-solar"],"yoast_head":"<!-- This site is optimized with the Yoast SEO plugin v23.5 - https:\/\/yoast.com\/wordpress\/plugins\/seo\/ -->\n<title>Audax Renovables incrementa su EBITDA un 47%<\/title>\n<meta name=\"description\" content=\"Audax Renovables incrementa su EBITDA un 47%\" \/>\n<meta name=\"robots\" content=\"index, follow, max-snippet:-1, max-image-preview:large, max-video-preview:-1\" \/>\n<link rel=\"canonical\" href=\"https:\/\/www.audaxrenovables.es\/es\/audax-cierra-financiacion\/\" \/>\n<meta property=\"og:locale\" content=\"es_ES\" \/>\n<meta property=\"og:type\" content=\"article\" \/>\n<meta property=\"og:title\" content=\"Audax Renovables incrementa su EBITDA un 47%\" \/>\n<meta property=\"og:description\" content=\"Audax Renovables incrementa su EBITDA un 47%\" \/>\n<meta property=\"og:url\" content=\"https:\/\/www.audaxrenovables.es\/es\/audax-cierra-financiacion\/\" \/>\n<meta property=\"og:site_name\" content=\"Audax Renovables\" \/>\n<meta property=\"article:published_time\" content=\"2023-12-07T09:33:12+00:00\" \/>\n<meta property=\"article:modified_time\" content=\"2023-12-07T15:20:43+00:00\" \/>\n<meta property=\"og:image\" content=\"https:\/\/www.audaxrenovables.es\/wp-content\/uploads\/2023\/12\/PlantillaNoticias_.jpg\" \/>\n\t<meta property=\"og:image:width\" content=\"713\" \/>\n\t<meta property=\"og:image:height\" content=\"403\" \/>\n\t<meta property=\"og:image:type\" content=\"image\/jpeg\" \/>\n<meta name=\"author\" content=\"adminadx\" \/>\n<meta name=\"twitter:card\" content=\"summary_large_image\" \/>\n<meta name=\"twitter:label1\" content=\"Escrito por\" \/>\n\t<meta name=\"twitter:data1\" content=\"adminadx\" \/>\n\t<meta name=\"twitter:label2\" content=\"Tiempo de lectura\" \/>\n\t<meta name=\"twitter:data2\" content=\"4 minutos\" \/>\n<!-- \/ Yoast SEO plugin. -->","yoast_head_json":{"title":"Audax Renovables incrementa su EBITDA un 47%","description":"Audax Renovables incrementa su EBITDA un 47%","robots":{"index":"index","follow":"follow","max-snippet":"max-snippet:-1","max-image-preview":"max-image-preview:large","max-video-preview":"max-video-preview:-1"},"canonical":"https:\/\/www.audaxrenovables.es\/es\/audax-cierra-financiacion\/","og_locale":"es_ES","og_type":"article","og_title":"Audax Renovables incrementa su EBITDA un 47%","og_description":"Audax Renovables incrementa su EBITDA un 47%","og_url":"https:\/\/www.audaxrenovables.es\/es\/audax-cierra-financiacion\/","og_site_name":"Audax Renovables","article_published_time":"2023-12-07T09:33:12+00:00","article_modified_time":"2023-12-07T15:20:43+00:00","og_image":[{"width":713,"height":403,"url":"https:\/\/www.audaxrenovables.es\/wp-content\/uploads\/2023\/12\/PlantillaNoticias_.jpg","type":"image\/jpeg"}],"author":"adminadx","twitter_card":"summary_large_image","twitter_misc":{"Escrito por":"adminadx","Tiempo de lectura":"4 minutos"},"schema":{"@context":"https:\/\/schema.org","@graph":[{"@type":"Article","@id":"https:\/\/www.audaxrenovables.es\/es\/audax-cierra-financiacion\/#article","isPartOf":{"@id":"https:\/\/www.audaxrenovables.es\/es\/audax-cierra-financiacion\/"},"author":{"name":"adminadx","@id":"https:\/\/www.audaxrenovables.es\/ca\/#\/schema\/person\/39323131dc9a121279e4e63ed89ffbea"},"headline":"Audax Renovables cierra, a trav\u00e9s del BEI, la financiaci\u00f3n para la construcci\u00f3n de 141MWp fotovoltaicos en Espa\u00f1a","datePublished":"2023-12-07T09:33:12+00:00","dateModified":"2023-12-07T15:20:43+00:00","mainEntityOfPage":{"@id":"https:\/\/www.audaxrenovables.es\/es\/audax-cierra-financiacion\/"},"wordCount":754,"publisher":{"@id":"https:\/\/www.audaxrenovables.es\/ca\/#organization"},"image":{"@id":"https:\/\/www.audaxrenovables.es\/es\/audax-cierra-financiacion\/#primaryimage"},"thumbnailUrl":"https:\/\/www.audaxrenovables.es\/wp-content\/uploads\/2023\/12\/PlantillaNoticias_.jpg","keywords":["audax","eolico","resultados","solar"],"inLanguage":"es"},{"@type":["WebPage","ItemPage"],"@id":"https:\/\/www.audaxrenovables.es\/es\/audax-cierra-financiacion\/","url":"https:\/\/www.audaxrenovables.es\/es\/audax-cierra-financiacion\/","name":"Audax Renovables incrementa su EBITDA un 47%","isPartOf":{"@id":"https:\/\/www.audaxrenovables.es\/ca\/#website"},"primaryImageOfPage":{"@id":"https:\/\/www.audaxrenovables.es\/es\/audax-cierra-financiacion\/#primaryimage"},"image":{"@id":"https:\/\/www.audaxrenovables.es\/es\/audax-cierra-financiacion\/#primaryimage"},"thumbnailUrl":"https:\/\/www.audaxrenovables.es\/wp-content\/uploads\/2023\/12\/PlantillaNoticias_.jpg","datePublished":"2023-12-07T09:33:12+00:00","dateModified":"2023-12-07T15:20:43+00:00","description":"Audax Renovables incrementa su EBITDA un 47%","breadcrumb":{"@id":"https:\/\/www.audaxrenovables.es\/es\/audax-cierra-financiacion\/#breadcrumb"},"inLanguage":"es","potentialAction":[{"@type":"ReadAction","target":["https:\/\/www.audaxrenovables.es\/es\/audax-cierra-financiacion\/"]}]},{"@type":"ImageObject","inLanguage":"es","@id":"https:\/\/www.audaxrenovables.es\/es\/audax-cierra-financiacion\/#primaryimage","url":"https:\/\/www.audaxrenovables.es\/wp-content\/uploads\/2023\/12\/PlantillaNoticias_.jpg","contentUrl":"https:\/\/www.audaxrenovables.es\/wp-content\/uploads\/2023\/12\/PlantillaNoticias_.jpg","width":713,"height":403},{"@type":"BreadcrumbList","@id":"https:\/\/www.audaxrenovables.es\/es\/audax-cierra-financiacion\/#breadcrumb","itemListElement":[{"@type":"ListItem","position":1,"name":"Portada","item":"https:\/\/www.audaxrenovables.es\/es\/"},{"@type":"ListItem","position":2,"name":"Audax Renovables cierra, a trav\u00e9s del BEI, la financiaci\u00f3n para la construcci\u00f3n de 141MWp fotovoltaicos en Espa\u00f1a"}]},{"@type":"WebSite","@id":"https:\/\/www.audaxrenovables.es\/ca\/#website","url":"https:\/\/www.audaxrenovables.es\/ca\/","name":"Audax Renovables","description":"Compa\u00f1\u00eda independiente dedicada a la producci\u00f3n de energ\u00eda el\u00e9ctrica a partir de fuentes de energ\u00eda 100% renovables","publisher":{"@id":"https:\/\/www.audaxrenovables.es\/ca\/#organization"},"potentialAction":[{"@type":"SearchAction","target":{"@type":"EntryPoint","urlTemplate":"https:\/\/www.audaxrenovables.es\/ca\/?s={search_term_string}"},"query-input":{"@type":"PropertyValueSpecification","valueRequired":true,"valueName":"search_term_string"}}],"inLanguage":"es"},{"@type":"Organization","@id":"https:\/\/www.audaxrenovables.es\/ca\/#organization","name":"Audax Renovables","alternateName":"Audax Energ\u00eda","url":"https:\/\/www.audaxrenovables.es\/ca\/","logo":{"@type":"ImageObject","inLanguage":"es","@id":"https:\/\/www.audaxrenovables.es\/ca\/#\/schema\/logo\/image\/","url":"https:\/\/www.audaxrenovables.es\/wp-content\/uploads\/2023\/04\/logo.png","contentUrl":"https:\/\/www.audaxrenovables.es\/wp-content\/uploads\/2023\/04\/logo.png","width":197,"height":125,"caption":"Audax Renovables"},"image":{"@id":"https:\/\/www.audaxrenovables.es\/ca\/#\/schema\/logo\/image\/"},"sameAs":["https:\/\/www.instagram.com\/audaxrenovables\/","https:\/\/x.com\/AudaxRenovables","https:\/\/www.youtube.com\/user\/AudaxEnergia","https:\/\/www.tiktok.com\/@audaxrenovables","https:\/\/www.linkedin.com\/company\/203502\/admin\/"]},{"@type":"Person","@id":"https:\/\/www.audaxrenovables.es\/ca\/#\/schema\/person\/39323131dc9a121279e4e63ed89ffbea","name":"adminadx","image":{"@type":"ImageObject","inLanguage":"es","@id":"https:\/\/www.audaxrenovables.es\/ca\/#\/schema\/person\/image\/","url":"https:\/\/secure.gravatar.com\/avatar\/60b4d621160a422b02f2d19db7066f73c964c792ce03f3da9d36f40a41bdd2e6?s=96&d=mm&r=g","contentUrl":"https:\/\/secure.gravatar.com\/avatar\/60b4d621160a422b02f2d19db7066f73c964c792ce03f3da9d36f40a41bdd2e6?s=96&d=mm&r=g","caption":"adminadx"},"sameAs":["https:\/\/audaxrenovables.es"]}]}},"_links":{"self":[{"href":"https:\/\/www.audaxrenovables.es\/es\/wp-json\/wp\/v2\/posts\/3483","targetHints":{"allow":["GET"]}}],"collection":[{"href":"https:\/\/www.audaxrenovables.es\/es\/wp-json\/wp\/v2\/posts"}],"about":[{"href":"https:\/\/www.audaxrenovables.es\/es\/wp-json\/wp\/v2\/types\/post"}],"author":[{"embeddable":true,"href":"https:\/\/www.audaxrenovables.es\/es\/wp-json\/wp\/v2\/users\/1"}],"replies":[{"embeddable":true,"href":"https:\/\/www.audaxrenovables.es\/es\/wp-json\/wp\/v2\/comments?post=3483"}],"version-history":[{"count":14,"href":"https:\/\/www.audaxrenovables.es\/es\/wp-json\/wp\/v2\/posts\/3483\/revisions"}],"predecessor-version":[{"id":3513,"href":"https:\/\/www.audaxrenovables.es\/es\/wp-json\/wp\/v2\/posts\/3483\/revisions\/3513"}],"wp:featuredmedia":[{"embeddable":true,"href":"https:\/\/www.audaxrenovables.es\/es\/wp-json\/wp\/v2\/media\/3488"}],"wp:attachment":[{"href":"https:\/\/www.audaxrenovables.es\/es\/wp-json\/wp\/v2\/media?parent=3483"}],"wp:term":[{"taxonomy":"category","embeddable":true,"href":"https:\/\/www.audaxrenovables.es\/es\/wp-json\/wp\/v2\/categories?post=3483"},{"taxonomy":"post_tag","embeddable":true,"href":"https:\/\/www.audaxrenovables.es\/es\/wp-json\/wp\/v2\/tags?post=3483"}],"curies":[{"name":"wp","href":"https:\/\/api.w.org\/{rel}","templated":true}]}}