{"id":3516,"date":"2023-12-21T10:22:12","date_gmt":"2023-12-21T10:22:12","guid":{"rendered":"https:\/\/www.audaxrenovables.es\/?p=3516"},"modified":"2023-12-21T10:25:11","modified_gmt":"2023-12-21T10:25:11","slug":"audax-renovables-inicia-construccion-lucero","status":"publish","type":"post","link":"https:\/\/www.audaxrenovables.es\/es\/audax-renovables-inicia-construccion-lucero\/","title":{"rendered":"Audax Renovables inicia la construcci\u00f3n de 57,48 MWp fotovoltaicos en Andaluc\u00eda"},"content":{"rendered":"\t\t<div data-elementor-type=\"wp-post\" data-elementor-id=\"3516\" class=\"elementor elementor-3516\">\n\t\t\t\t<div class=\"elementor-element elementor-element-abdd8a8 e-flex e-con-boxed e-con e-parent\" data-id=\"abdd8a8\" data-element_type=\"container\" data-settings=\"{&quot;content_width&quot;:&quot;boxed&quot;}\" data-core-v316-plus=\"true\">\n\t\t\t\t\t<div class=\"e-con-inner\">\n\t\t\t\t<div class=\"elementor-element elementor-element-c2eed98 elementor-widget elementor-widget-text-editor\" data-id=\"c2eed98\" data-element_type=\"widget\" data-widget_type=\"text-editor.default\">\n\t\t\t\t<div class=\"elementor-widget-container\">\n\t\t\t<style>\/*! elementor - v3.19.0 - 07-02-2024 *\/\n.elementor-widget-text-editor.elementor-drop-cap-view-stacked .elementor-drop-cap{background-color:#69727d;color:#fff}.elementor-widget-text-editor.elementor-drop-cap-view-framed .elementor-drop-cap{color:#69727d;border:3px solid;background-color:transparent}.elementor-widget-text-editor:not(.elementor-drop-cap-view-default) .elementor-drop-cap{margin-top:8px}.elementor-widget-text-editor:not(.elementor-drop-cap-view-default) .elementor-drop-cap-letter{width:1em;height:1em}.elementor-widget-text-editor .elementor-drop-cap{float:left;text-align:center;line-height:1;font-size:50px}.elementor-widget-text-editor .elementor-drop-cap-letter{display:inline-block}<\/style>\t\t\t\t<p><!-- wp:heading {\"textAlign\":\"center\",\"level\":1,\"fontSize\":\"x-large\"} --><\/p>\n<h2>Audax Renovables inicia en Andaluc\u00eda la construcci\u00f3n de su mayor proyecto fotovoltaico<\/h2>\n<blockquote>\n<ul>\n<li>\n<h3>Con una inversi\u00f3n de aproximadamente 46 millones de euros, el proyecto de Lucero contar\u00e1 con una potencia total de 57,48 MWp.<\/h3>\n<\/li>\n<\/ul>\n<h3>\u00a0<\/h3>\n<ul>\n<li>\n<h3>El futuro proyecto se ubica en el municipio de Carmona, provincia de Sevilla.<\/h3>\n<\/li>\n<\/ul>\n<h3>\u00a0<\/h3>\n<ul>\n<li>\n<h3>Este es el mayor proyecto fotovoltaico construido hasta la fecha por el Grupo.<\/h3>\n<\/li>\n<\/ul>\n<p>\u00a0<\/p>\n<p><!-- \/wp:paragraph --><\/p>\n<p><!-- wp:paragraph --><\/p>\n<p><!-- \/wp:paragraph --><\/p>\n<\/blockquote>\n<p><!-- \/wp:quote --><\/p>\n<p><!-- wp:image {\"id\":3355,\"sizeSlug\":\"full\",\"linkDestination\":\"none\"} --><\/p>\n<figure><\/figure>\n<figure><strong style=\"color: var( --e-global-color-text ); text-align: var(--text-align); font-family: 'Open Sans';\"><img fetchpriority=\"high\" decoding=\"async\" class=\"alignnone wp-image-3536 size-full\" src=\"https:\/\/www.audaxrenovables.es\/wp-content\/uploads\/2023\/12\/PlantillaNoticias_2112.jpg\" alt=\"\" width=\"713\" height=\"403\" srcset=\"https:\/\/www.audaxrenovables.es\/wp-content\/uploads\/2023\/12\/PlantillaNoticias_2112.jpg 713w, https:\/\/www.audaxrenovables.es\/wp-content\/uploads\/2023\/12\/PlantillaNoticias_2112-300x170.jpg 300w, https:\/\/www.audaxrenovables.es\/wp-content\/uploads\/2023\/12\/PlantillaNoticias_2112-18x10.jpg 18w\" sizes=\"(max-width: 713px) 100vw, 713px\" \/><\/strong><\/figure>\n<figure><strong style=\"color: var( --e-global-color-text ); text-align: var(--text-align); font-family: 'Open Sans';\">\u00a0<\/strong><\/figure>\n<p><strong>21 de Diciembre de 2023.\u2013<\/strong> Audax Renovables (ADX.MC), grupo energ\u00e9tico espa\u00f1ol integrado verticalmente con generaci\u00f3n 100% renovable y suministro de electricidad y gas a clientes de 7 pa\u00edses europeos, y que cuenta con presencial internacional en 9 pa\u00edses, ha anunciado el inicio de la construcci\u00f3n de un proyecto fotovoltaico localizado en el municipio de Carmona, en la provincia de Sevilla, que sumar\u00e1 una potencia total de 57,48 MWp al porfolio de generaci\u00f3n del Grupo.\u00a0<\/p>\n<p>En l\u00ednea con su estrategia de seguir impulsando su actividad de generaci\u00f3n a trav\u00e9s de los distintos proyectos que forman su porfolio, y afianzando as\u00ed su estrategia de integraci\u00f3n vertical, Audax Renovables tiene previsto invertir aproximadamente 46 millones de euros, incluyendo los costes de desarrollo.<\/p>\n<p>\u00a0<\/p>\n<p>El proyecto contar\u00e1 con aproximadamente 100,000 m\u00f3dulos de 575 Wp con seguidor a 1 eje categor\u00eda\u00a0Tier-1, lo que permitir\u00e1 generar 109 GWh\/a\u00f1o, el equivalente al consumo energ\u00e9tico de unos 33.319 hogares y de alrededor de 83.282 personas. Su apuesta por la energ\u00eda limpia evitar\u00e1 la emisi\u00f3n a la atm\u00f3sfera de unas 29.757 toneladas de CO2 al a\u00f1o.<\/p>\n<p>Dicha instalaci\u00f3n se conectar\u00e1 a la subestaci\u00f3n de Carmona 400 kV y contar\u00e1 con una l\u00ednea de evacuaci\u00f3n propia de poco m\u00e1s de 8 kil\u00f3metros y unas infraestructuras comunes ya ejecutadas consistentes en: una subestaci\u00f3n 220\/30 kV (Dulcero) compartida con otro promotor, una l\u00ednea de 4,8 km 220 kV y una subestaci\u00f3n colectora 400\/220 kV para inyectar la energ\u00eda producida a la Subestaci\u00f3n de REE Carmona 400 kV. Se estima que el per\u00edodo de construcci\u00f3n sea de aproximadamente un a\u00f1o y medio. El Grupo asegura el acompa\u00f1amiento de las obras con contratistas de primer nivel que cumplen con altos est\u00e1ndares de calidad, todo ello bajo la modalidad de contrato EPC (llave en mano).<\/p>\n<p>\u00a0<\/p>\n<p>El proyecto de Lucero supone un nuevo reto para Audax Renovables, siendo la planta fotovoltaica de mayor tama\u00f1o construida hasta la fecha por el Grupo y que supondr\u00e1 la mayor movilizaci\u00f3n de recursos en la actividad de generaci\u00f3n de la Compa\u00f1\u00eda.<\/p>\n<p>Para la construcci\u00f3n del proyecto referido, el Grupo ya tiene la financiaci\u00f3n, proveniente de la operaci\u00f3n que cerr\u00f3 hace unos d\u00edas a trav\u00e9s del Banco Europeo de Inversiones (BEI). Dicha financiaci\u00f3n ser\u00e1 sin recurso, siguiendo la misma estructura que en otros proyectos anteriores de la cartera de generaci\u00f3n de Audax Renovables.<\/p>\n<p>Audax Renovables cuenta en la actualidad con 245,36 MW de potencia ya instalada y 10,86 MWp en fase de puesta en marcha de los proyectos fotovoltaicos de Cuatro Caminos 1 y 3. Asimismo, se encuentra en una fase avanzada de construcci\u00f3n de las plantas de Cuatro Caminos 2 y 4 y El Rebollo con una potencia total conjunta de 14,975 MWp.<\/p>\n<p>Con esta operaci\u00f3n, el Grupo afianza su apuesta y estrategia de aumentar su cartera de generaci\u00f3n 100% renovable incrementando su porfolio, ya sea mediante crecimiento org\u00e1nico o mediante el cierre de acuerdos de compra, con el objetivo de suministrar a sus clientes energ\u00eda de origen renovable producida en sus propias plantas.<\/p>\n<p>\u00a0<\/p>\n<p>En un a\u00f1o en el que durante los primeros nueve meses del ejercicio el Grupo ha reportado un beneficio bruto de explotaci\u00f3n (EBITDA) de 77,3 millones de euros, la presente operaci\u00f3n, junto con las operaciones futuras que est\u00e1n por venir, reforzar\u00e1 el crecimiento org\u00e1nico esperado para los pr\u00f3ximos a\u00f1os, en los que el Grupo espera poder mantener el EBITDA anual alrededor de los 100 millones de euros de manera estabilizada.<\/p>\n<p><strong>\u00a0<\/strong><\/p>\n<p><strong>\u00a0<\/strong><strong>\u00a0<\/strong><\/p>\n<p><strong>Para m\u00e1s informaci\u00f3n:<\/strong><\/p>\n<p>Roman<\/p>\n<p>Gin\u00e9s Ca\u00f1abate -\u00a0<a href=\"mailto:g.canabate@romanrm.com\">g.canabate@romanrm.com<\/a> | (+34) 649 214 470<\/p>\n<p>Patricia Gonz\u00e1lez -\u00a0<a href=\"mailto:p.gonzalez@romanrm.com\">p.gonzalez@romanrm.com<\/a> | (+34) 915 915 500<\/p>\n<p>\u00a0<\/p>\n<p><strong>\u00a0<\/strong><strong>\u00a0<\/strong><strong>\u00a0<\/strong><\/p>\n<p><strong>Sobre Audax Renovables<\/strong><\/p>\n<p>Fundado en el a\u00f1o 2000, Audax Renovables es un grupo energ\u00e9tico espa\u00f1ol integrado verticalmente que genera energ\u00eda de origen 100% renovable y suministra electricidad y gas, con presencia en 9 pa\u00edses.<\/p>\n<p>Actualmente, cuenta con una cartera de proyectos e\u00f3licos y fotovoltaicos en operaci\u00f3n, en construcci\u00f3n y en distintas fases de desarrollo en Espa\u00f1a, Portugal, Italia, Francia, Polonia y Panam\u00e1, que alcanza los 1,4 GW. En su actividad de comercializaci\u00f3n, el grupo presidido por Jos\u00e9 El\u00edas Navarro provee electricidad y gas a m\u00e1s de 373 mil clientes en Espa\u00f1a, Portugal, Italia, Alemania, Polonia, Holanda y Hungr\u00eda, y lidera el segmento PYME en Espa\u00f1a como comercializadora independiente. Audax empez\u00f3 a cotizar en el mercado secundario espa\u00f1ol en 2003, y en 2007 dio el salto al mercado continuo. Actualmente, forma parte de los \u00edndices IBEX Small Cap\u00ae y MSCI World Small Cap. Su capitalizaci\u00f3n burs\u00e1til supera los 550 millones de euros, y cuenta con un equipo de aproximadamente 800 profesionales.<\/p>\n<p><!-- \/wp:paragraph --><\/p>\t\t\t\t\t\t<\/div>\n\t\t\t\t<\/div>\n\t\t\t\t\t<\/div>\n\t\t\t\t<\/div>\n\t\t<div class=\"elementor-element elementor-element-b77786b e-flex e-con-boxed e-con e-parent\" data-id=\"b77786b\" data-element_type=\"container\" data-settings=\"{&quot;content_width&quot;:&quot;boxed&quot;}\" data-core-v316-plus=\"true\">\n\t\t\t\t\t<div class=\"e-con-inner\">\n\t\t\t\t<div class=\"elementor-element elementor-element-925f61f elementor-widget elementor-widget-image\" data-id=\"925f61f\" data-element_type=\"widget\" data-widget_type=\"image.default\">\n\t\t\t\t<div class=\"elementor-widget-container\">\n\t\t\t<style>\/*! elementor - v3.19.0 - 07-02-2024 *\/\n.elementor-widget-image{text-align:center}.elementor-widget-image a{display:inline-block}.elementor-widget-image a img[src$=\".svg\"]{width:48px}.elementor-widget-image img{vertical-align:middle;display:inline-block}<\/style>\t\t\t\t\t\t\t\t\t\t<img decoding=\"async\" width=\"1024\" height=\"209\" src=\"https:\/\/www.audaxrenovables.es\/wp-content\/uploads\/2023\/11\/Para-un-presente-con-futuro-AUDAX-1024x209.jpg\" class=\"attachment-large size-large wp-image-3448\" alt=\"\" srcset=\"https:\/\/www.audaxrenovables.es\/wp-content\/uploads\/2023\/11\/Para-un-presente-con-futuro-AUDAX-1024x209.jpg 1024w, https:\/\/www.audaxrenovables.es\/wp-content\/uploads\/2023\/11\/Para-un-presente-con-futuro-AUDAX-300x61.jpg 300w, https:\/\/www.audaxrenovables.es\/wp-content\/uploads\/2023\/11\/Para-un-presente-con-futuro-AUDAX-768x157.jpg 768w, https:\/\/www.audaxrenovables.es\/wp-content\/uploads\/2023\/11\/Para-un-presente-con-futuro-AUDAX-1536x314.jpg 1536w, https:\/\/www.audaxrenovables.es\/wp-content\/uploads\/2023\/11\/Para-un-presente-con-futuro-AUDAX-18x4.jpg 18w, https:\/\/www.audaxrenovables.es\/wp-content\/uploads\/2023\/11\/Para-un-presente-con-futuro-AUDAX.jpg 2048w\" sizes=\"(max-width: 1024px) 100vw, 1024px\" \/>\t\t\t\t\t\t\t\t\t\t\t\t\t<\/div>\n\t\t\t\t<\/div>\n\t\t\t\t\t<\/div>\n\t\t\t\t<\/div>\n\t\t\t\t<\/div>\n\t\t","protected":false},"excerpt":{"rendered":"<p>Audax Renovables inicia en Andaluc\u00eda la construcci\u00f3n de su mayor proyecto fotovoltaico Con una inversi\u00f3n de aproximadamente 46 millones de euros, el proyecto de Lucero contar\u00e1 con una potencia total de 57,48 MWp. \u00a0 El futuro proyecto se ubica en el municipio de Carmona, provincia de Sevilla. \u00a0 Este es el mayor proyecto fotovoltaico construido [&hellip;]<\/p>\n","protected":false},"author":3,"featured_media":3536,"comment_status":"closed","ping_status":"open","sticky":false,"template":"","format":"standard","meta":{"content-type":"","footnotes":""},"categories":[1],"tags":[16,13,15,14],"class_list":["post-3516","post","type-post","status-publish","format-standard","has-post-thumbnail","hentry","category-sin-categoria","tag-audax","tag-eolico","tag-resultados","tag-solar"],"yoast_head":"<!-- This site is optimized with the Yoast SEO plugin v23.5 - https:\/\/yoast.com\/wordpress\/plugins\/seo\/ -->\n<title>Audax Renovables incrementa su EBITDA un 47%<\/title>\n<meta name=\"description\" content=\"Audax Renovables incrementa su EBITDA un 47%\" \/>\n<meta name=\"robots\" content=\"index, follow, max-snippet:-1, max-image-preview:large, max-video-preview:-1\" \/>\n<link rel=\"canonical\" href=\"https:\/\/www.audaxrenovables.es\/es\/audax-renovables-inicia-construccion-lucero\/\" \/>\n<meta property=\"og:locale\" content=\"es_ES\" \/>\n<meta property=\"og:type\" content=\"article\" \/>\n<meta property=\"og:title\" content=\"Audax Renovables incrementa su EBITDA un 47%\" \/>\n<meta property=\"og:description\" content=\"Audax Renovables incrementa su EBITDA un 47%\" \/>\n<meta property=\"og:url\" content=\"https:\/\/www.audaxrenovables.es\/es\/audax-renovables-inicia-construccion-lucero\/\" \/>\n<meta property=\"og:site_name\" content=\"Audax Renovables\" \/>\n<meta property=\"article:published_time\" content=\"2023-12-21T10:22:12+00:00\" \/>\n<meta property=\"article:modified_time\" content=\"2023-12-21T10:25:11+00:00\" \/>\n<meta property=\"og:image\" content=\"https:\/\/www.audaxrenovables.es\/wp-content\/uploads\/2023\/12\/PlantillaNoticias_2112.jpg\" \/>\n\t<meta property=\"og:image:width\" content=\"713\" \/>\n\t<meta property=\"og:image:height\" content=\"403\" \/>\n\t<meta property=\"og:image:type\" content=\"image\/jpeg\" \/>\n<meta name=\"author\" content=\"Mart\u00edn Andreu\" \/>\n<meta name=\"twitter:card\" content=\"summary_large_image\" \/>\n<meta name=\"twitter:label1\" content=\"Escrito por\" \/>\n\t<meta name=\"twitter:data1\" content=\"Mart\u00edn Andreu\" \/>\n\t<meta name=\"twitter:label2\" content=\"Tiempo de lectura\" \/>\n\t<meta name=\"twitter:data2\" content=\"4 minutos\" \/>\n<!-- \/ Yoast SEO plugin. -->","yoast_head_json":{"title":"Audax Renovables incrementa su EBITDA un 47%","description":"Audax Renovables incrementa su EBITDA un 47%","robots":{"index":"index","follow":"follow","max-snippet":"max-snippet:-1","max-image-preview":"max-image-preview:large","max-video-preview":"max-video-preview:-1"},"canonical":"https:\/\/www.audaxrenovables.es\/es\/audax-renovables-inicia-construccion-lucero\/","og_locale":"es_ES","og_type":"article","og_title":"Audax Renovables incrementa su EBITDA un 47%","og_description":"Audax Renovables incrementa su EBITDA un 47%","og_url":"https:\/\/www.audaxrenovables.es\/es\/audax-renovables-inicia-construccion-lucero\/","og_site_name":"Audax Renovables","article_published_time":"2023-12-21T10:22:12+00:00","article_modified_time":"2023-12-21T10:25:11+00:00","og_image":[{"width":713,"height":403,"url":"https:\/\/www.audaxrenovables.es\/wp-content\/uploads\/2023\/12\/PlantillaNoticias_2112.jpg","type":"image\/jpeg"}],"author":"Mart\u00edn Andreu","twitter_card":"summary_large_image","twitter_misc":{"Escrito por":"Mart\u00edn Andreu","Tiempo de lectura":"4 minutos"},"schema":{"@context":"https:\/\/schema.org","@graph":[{"@type":"Article","@id":"https:\/\/www.audaxrenovables.es\/es\/audax-renovables-inicia-construccion-lucero\/#article","isPartOf":{"@id":"https:\/\/www.audaxrenovables.es\/es\/audax-renovables-inicia-construccion-lucero\/"},"author":{"name":"Mart\u00edn Andreu","@id":"https:\/\/www.audaxrenovables.es\/ca\/#\/schema\/person\/f254f0605a53a03c7a852de3612c1c54"},"headline":"Audax Renovables inicia la construcci\u00f3n de 57,48 MWp fotovoltaicos en Andaluc\u00eda","datePublished":"2023-12-21T10:22:12+00:00","dateModified":"2023-12-21T10:25:11+00:00","mainEntityOfPage":{"@id":"https:\/\/www.audaxrenovables.es\/es\/audax-renovables-inicia-construccion-lucero\/"},"wordCount":857,"publisher":{"@id":"https:\/\/www.audaxrenovables.es\/ca\/#organization"},"image":{"@id":"https:\/\/www.audaxrenovables.es\/es\/audax-renovables-inicia-construccion-lucero\/#primaryimage"},"thumbnailUrl":"https:\/\/www.audaxrenovables.es\/wp-content\/uploads\/2023\/12\/PlantillaNoticias_2112.jpg","keywords":["audax","eolico","resultados","solar"],"inLanguage":"es"},{"@type":["WebPage","ItemPage"],"@id":"https:\/\/www.audaxrenovables.es\/es\/audax-renovables-inicia-construccion-lucero\/","url":"https:\/\/www.audaxrenovables.es\/es\/audax-renovables-inicia-construccion-lucero\/","name":"Audax Renovables incrementa su EBITDA un 47%","isPartOf":{"@id":"https:\/\/www.audaxrenovables.es\/ca\/#website"},"primaryImageOfPage":{"@id":"https:\/\/www.audaxrenovables.es\/es\/audax-renovables-inicia-construccion-lucero\/#primaryimage"},"image":{"@id":"https:\/\/www.audaxrenovables.es\/es\/audax-renovables-inicia-construccion-lucero\/#primaryimage"},"thumbnailUrl":"https:\/\/www.audaxrenovables.es\/wp-content\/uploads\/2023\/12\/PlantillaNoticias_2112.jpg","datePublished":"2023-12-21T10:22:12+00:00","dateModified":"2023-12-21T10:25:11+00:00","description":"Audax Renovables incrementa su EBITDA un 47%","breadcrumb":{"@id":"https:\/\/www.audaxrenovables.es\/es\/audax-renovables-inicia-construccion-lucero\/#breadcrumb"},"inLanguage":"es","potentialAction":[{"@type":"ReadAction","target":["https:\/\/www.audaxrenovables.es\/es\/audax-renovables-inicia-construccion-lucero\/"]}]},{"@type":"ImageObject","inLanguage":"es","@id":"https:\/\/www.audaxrenovables.es\/es\/audax-renovables-inicia-construccion-lucero\/#primaryimage","url":"https:\/\/www.audaxrenovables.es\/wp-content\/uploads\/2023\/12\/PlantillaNoticias_2112.jpg","contentUrl":"https:\/\/www.audaxrenovables.es\/wp-content\/uploads\/2023\/12\/PlantillaNoticias_2112.jpg","width":713,"height":403},{"@type":"BreadcrumbList","@id":"https:\/\/www.audaxrenovables.es\/es\/audax-renovables-inicia-construccion-lucero\/#breadcrumb","itemListElement":[{"@type":"ListItem","position":1,"name":"Portada","item":"https:\/\/www.audaxrenovables.es\/es\/"},{"@type":"ListItem","position":2,"name":"Audax Renovables inicia la construcci\u00f3n de 57,48 MWp fotovoltaicos en Andaluc\u00eda"}]},{"@type":"WebSite","@id":"https:\/\/www.audaxrenovables.es\/ca\/#website","url":"https:\/\/www.audaxrenovables.es\/ca\/","name":"Audax Renovables","description":"Compa\u00f1\u00eda independiente dedicada a la producci\u00f3n de energ\u00eda el\u00e9ctrica a partir de fuentes de energ\u00eda 100% renovables","publisher":{"@id":"https:\/\/www.audaxrenovables.es\/ca\/#organization"},"potentialAction":[{"@type":"SearchAction","target":{"@type":"EntryPoint","urlTemplate":"https:\/\/www.audaxrenovables.es\/ca\/?s={search_term_string}"},"query-input":{"@type":"PropertyValueSpecification","valueRequired":true,"valueName":"search_term_string"}}],"inLanguage":"es"},{"@type":"Organization","@id":"https:\/\/www.audaxrenovables.es\/ca\/#organization","name":"Audax Renovables","alternateName":"Audax Energ\u00eda","url":"https:\/\/www.audaxrenovables.es\/ca\/","logo":{"@type":"ImageObject","inLanguage":"es","@id":"https:\/\/www.audaxrenovables.es\/ca\/#\/schema\/logo\/image\/","url":"https:\/\/www.audaxrenovables.es\/wp-content\/uploads\/2023\/04\/logo.png","contentUrl":"https:\/\/www.audaxrenovables.es\/wp-content\/uploads\/2023\/04\/logo.png","width":197,"height":125,"caption":"Audax Renovables"},"image":{"@id":"https:\/\/www.audaxrenovables.es\/ca\/#\/schema\/logo\/image\/"},"sameAs":["https:\/\/www.instagram.com\/audaxrenovables\/","https:\/\/x.com\/AudaxRenovables","https:\/\/www.youtube.com\/user\/AudaxEnergia","https:\/\/www.tiktok.com\/@audaxrenovables","https:\/\/www.linkedin.com\/company\/203502\/admin\/"]},{"@type":"Person","@id":"https:\/\/www.audaxrenovables.es\/ca\/#\/schema\/person\/f254f0605a53a03c7a852de3612c1c54","name":"Mart\u00edn Andreu","image":{"@type":"ImageObject","inLanguage":"es","@id":"https:\/\/www.audaxrenovables.es\/ca\/#\/schema\/person\/image\/","url":"https:\/\/secure.gravatar.com\/avatar\/7125106a2f4926b654c9da435a49df78a146f0488461bd0e1e7e6484ebe75436?s=96&d=mm&r=g","contentUrl":"https:\/\/secure.gravatar.com\/avatar\/7125106a2f4926b654c9da435a49df78a146f0488461bd0e1e7e6484ebe75436?s=96&d=mm&r=g","caption":"Mart\u00edn Andreu"},"sameAs":["http:\/\/www.audaxrenovables.es"]}]}},"_links":{"self":[{"href":"https:\/\/www.audaxrenovables.es\/es\/wp-json\/wp\/v2\/posts\/3516","targetHints":{"allow":["GET"]}}],"collection":[{"href":"https:\/\/www.audaxrenovables.es\/es\/wp-json\/wp\/v2\/posts"}],"about":[{"href":"https:\/\/www.audaxrenovables.es\/es\/wp-json\/wp\/v2\/types\/post"}],"author":[{"embeddable":true,"href":"https:\/\/www.audaxrenovables.es\/es\/wp-json\/wp\/v2\/users\/3"}],"replies":[{"embeddable":true,"href":"https:\/\/www.audaxrenovables.es\/es\/wp-json\/wp\/v2\/comments?post=3516"}],"version-history":[{"count":21,"href":"https:\/\/www.audaxrenovables.es\/es\/wp-json\/wp\/v2\/posts\/3516\/revisions"}],"predecessor-version":[{"id":3543,"href":"https:\/\/www.audaxrenovables.es\/es\/wp-json\/wp\/v2\/posts\/3516\/revisions\/3543"}],"wp:featuredmedia":[{"embeddable":true,"href":"https:\/\/www.audaxrenovables.es\/es\/wp-json\/wp\/v2\/media\/3536"}],"wp:attachment":[{"href":"https:\/\/www.audaxrenovables.es\/es\/wp-json\/wp\/v2\/media?parent=3516"}],"wp:term":[{"taxonomy":"category","embeddable":true,"href":"https:\/\/www.audaxrenovables.es\/es\/wp-json\/wp\/v2\/categories?post=3516"},{"taxonomy":"post_tag","embeddable":true,"href":"https:\/\/www.audaxrenovables.es\/es\/wp-json\/wp\/v2\/tags?post=3516"}],"curies":[{"name":"wp","href":"https:\/\/api.w.org\/{rel}","templated":true}]}}